{"id":940,"date":"2020-12-18T12:08:42","date_gmt":"2020-12-18T12:08:42","guid":{"rendered":"https:\/\/aksehir.web.tr\/?p=940"},"modified":"2026-08-19T14:48:37","modified_gmt":"2026-08-19T14:48:37","slug":"aksehir-tso-bankkart-basak-tedarik-zinciri-finansmani-protokolu-imzalandi","status":"publish","type":"post","link":"https:\/\/aksehir.web.tr\/?p=940","title":{"rendered":"1922 AK\u015eEH\u0130RSPOR\u2019DAN \u00c7\u0130FTE TRANSFER HAMLES\u0130"},"content":{"rendered":"<div class=\"mb10 news-title\">\n<div class=\"text_post_block paddingt\">\n<div class=\"mb10 news-title\">\n<div class=\"text_post_block paddingt\">\n<div class=\"rtopr verticalr rright rcenter toprx-top\">\n<div class=\"row\">\n<div class=\"rtopr verticalr rright rcenter toprx-top\">\n<div class=\"mb10 news-title\">\n<div class=\"text_post_block paddingt\">\n<div class=\"rtopr verticalr rright rcenter toprx-top\">\n<div class=\"row\">\n<div class=\"col-md-12 mb10\">\n<div class=\"rtopr verticalr rright rcenter toprx-top\">\n<div class=\"row\">\n<div class=\"col-md-12 mb10\">\n<div class=\"mb10 news-title\">\n<div class=\"text_post_block paddingt\">\n<div class=\"mb10 news-title\">\n<div class=\"text_post_block paddingt\">\n<div class=\"mb10 news-title\">\n<div class=\"text_post_block paddingt\">\n<div class=\"rtopr verticalr rleft rcenter toprx-top\">\n<div class=\"row\">\n<div class=\"rtopr verticalr rright rcenter toprx-top\">\n<div class=\"row\">\n<div class=\"rtopr verticalr rright rcenter toprx-top\">\n<div class=\"row\">\n<div class=\"mb10 news-title\">\n<div class=\"text_post_block paddingt\">\n<div class=\"mb10 news-title\">\n<div class=\"mb10 news-title\">\n<div class=\"text_post_block paddingt\">\n<div class=\"mb10 news-title\">\n<div class=\"text_post_block paddingt\">\n<div class=\"mb10 news-title\">\n<div class=\"text_post_block paddingt\">\n<div class=\"rtopr verticalr rleft rcenter toprx-top\">\n<div class=\"row\">\n<div class=\"col-md-12 mb10\" style=\"text-align: left;\">\n<div class=\"detay\">\n<div class=\"mb10 news-title\">\n<div class=\"text_post_block paddingt\">\n<div class=\"hbr-metin\">\n<p><span style=\"font-family: verdana, geneva, sans-serif; color: #808080;\">K\u0131rm\u0131z\u0131-beyazl\u0131 ekip, yeni sezon haz\u0131rl\u0131klar\u0131 kapsam\u0131nda savunma ve kaleci b\u00f6lgesine iki \u00f6nemli takviye yapt\u0131<\/span><\/p>\n<\/div>\n<p><span style=\"font-family: verdana, geneva, sans-serif; color: #808080;\">Yeni sezon \u00f6ncesinde kadro yap\u0131lanmas\u0131n\u0131 s\u00fcrd\u00fcren 1922 Ak\u015fehirspor, transfer \u00e7al\u0131\u015fmalar\u0131na h\u0131z verdi. Ak\u015fehir temsilcisi, savunma oyuncusu Mehmet Furkan Tuncer ile gen\u00e7 kaleci Yusuf Y\u0131lmaz\u2019\u0131 kadrosuna katt\u0131\u011f\u0131n\u0131 duyurdu.<\/span><\/p>\n<p><span style=\"font-family: verdana, geneva, sans-serif; color: #808080;\">K\u0131rm\u0131z\u0131-beyazl\u0131 kul\u00fcp taraf\u0131ndan yap\u0131lan a\u00e7\u0131klamalarda, iki oyuncuyla ger\u00e7ekle\u015ftirilen anla\u015fmalar taraftarlara duyuruldu. Transferlerle birlikte 1922 Ak\u015fehirspor\u2019un \u00f6zellikle savunma hatt\u0131ndaki alternatiflerini art\u0131rmas\u0131 ve kaleci rotasyonunu g\u00fc\u00e7lendirmesi hedefleniyor.<\/span><\/p>\n<p><span style=\"font-family: verdana, geneva, sans-serif; color: #808080;\"><strong>Savunmaya Mehmet Furkan Tuncer takviyesi<\/strong><\/span><\/p>\n<p><span style=\"font-family: verdana, geneva, sans-serif; color: #808080;\">1922 Ak\u015fehirspor\u2019un ilk transfer duyurusu savunma oyuncusu Mehmet Furkan Tuncer i\u00e7in geldi. Kul\u00fcp, 3. Lig ekiplerinden Yalova FK formas\u0131 giyen Tuncer ile anla\u015fmaya var\u0131ld\u0131\u011f\u0131n\u0131 a\u00e7\u0131klad\u0131.<\/span><\/p>\n<p><span style=\"font-family: verdana, geneva, sans-serif; color: #808080;\">Savunma b\u00f6lgesinde g\u00f6rev yapan Mehmet Furkan Tuncer, yeni sezonda Ak\u015fehir ekibinin ba\u015far\u0131s\u0131 i\u00e7in m\u00fccadele edecek. Transfer duyurusunda oyuncuya \u201cho\u015f geldin\u201d mesaj\u0131 veren kul\u00fcp, Tuncer\u2019e k\u0131rm\u0131z\u0131-beyazl\u0131 forma alt\u0131nda ba\u015far\u0131lar diledi.<\/span><\/p>\n<p><span style=\"font-family: verdana, geneva, sans-serif; color: #808080;\">1922 Ak\u015fehirspor, transfer a\u00e7\u0131klamas\u0131nda, \u201cMEHMET FURKAN TUNCER, 1922 AK\u015eEH\u0130RS-POR\u2019DA!\u201d ifadelerine yer verirken, payla\u015f\u0131m\u0131n\u0131 \u201cHo\u015f geldin Mehmet Furkan! Ayn\u0131 Ruh. Ayn\u0131 Hedef.\u201d s\u00f6zleriyle tamamlad\u0131.<\/span><\/p>\n<p><span style=\"font-family: verdana, geneva, sans-serif; color: #808080;\"><strong>Kaleye gen\u00e7 takviye: Yusuf\u00a0 Y\u0131lmaz<\/strong><\/span><\/p>\n<p><span style=\"font-family: verdana, geneva, sans-serif; color: #808080;\">Ak\u015fehir temsilcisinin kadrosuna katt\u0131\u011f\u0131 bir di\u011fer isim ise gen\u00e7 kaleci Yusuf Y\u0131lmaz oldu. 1922 Ak-\u015fehirspor, Yusuf Y\u0131lmaz\u2019\u0131n S\u00fcper Lig ekiplerinden \u0130stanbul Ba\u015fak\u015fehir FK\u2019n\u0131n gen\u00e7 file bek\u00e7isi oldu-\u011funu belirterek oyuncunun yeni sezonda k\u0131rm\u0131z\u0131-beyazl\u0131 formay\u0131 giyece\u011fini duyurdu.<\/span><\/p>\n<p><span style=\"font-family: verdana, geneva, sans-serif; color: #808080;\">Gen\u00e7 kalecinin transferiyle birlikte 1922 Ak\u015fehirspor\u2019un kaleci kadrosunda da yeni bir alternatif olu\u015ftu. Kul\u00fcp y\u00f6netimi, Yusuf Y\u0131lmaz\u2019a yeni tak\u0131m\u0131nda ba\u015far\u0131l\u0131 bir sezon ge\u00e7irmesi temennisinde bulundu.<\/span><\/p>\n<p><span style=\"font-family: verdana, geneva, sans-serif; color: #808080;\">Transfer a\u00e7\u0131klamas\u0131nda gen\u00e7 kaleciye seslenen 1922 Ak\u015fehirspor, \u201cAk\u015fehir\u2019e, 1922 Ak\u015fehirspor ailemize ho\u015f geldin Yusuf!\u201d ifadelerini kulland\u0131.<\/span><\/p>\n<p><span style=\"font-family: verdana, geneva, sans-serif; color: #808080;\"><strong>Yeni sezon \u00f6ncesi kadro\u00a0 \u015fekilleniyor<\/strong><\/span><\/p>\n<p><span style=\"font-family: verdana, geneva, sans-serif; color: #808080;\">Mehmet Furkan Tuncer ve Yusuf Y\u0131lmaz transferleriyle birlikte 1922 Ak\u015fehirspor, yeni sezon \u00f6nce-sindeki kadro yap\u0131lanmas\u0131n\u0131 s\u00fcrd\u00fcr\u00fcyor. Savunma ve kaleci mevkilerine yap\u0131lan takviyeler, teknik heyetin yeni sezon planlamas\u0131nda \u00f6nemli bir yer tutacak.<\/span><\/p>\n<p><span style=\"font-family: verdana, geneva, sans-serif; color: #808080;\">K\u0131rm\u0131z\u0131-beyazl\u0131 ekip, yeni sezonda hedefleri do\u011frultusunda m\u00fccadele edecek kadroyu olu\u015fturmak i\u00e7in \u00e7al\u0131\u015fmalar\u0131na devam ederken, taraftarlar\u0131n g\u00f6z\u00fc de yap\u0131lacak yeni transferlere \u00e7evrildi.<\/span><br \/>\n<span style=\"font-family: verdana, geneva, sans-serif; color: #808080;\">1922 Ak\u015fehirspor camias\u0131nda yeni transferlerin tak\u0131ma katk\u0131 sa\u011flamas\u0131 ve k\u0131rm\u0131z\u0131-beyazl\u0131 ekibin yeni sezonda ba\u015far\u0131l\u0131 bir performans ortaya koymas\u0131 bekleniyor.<\/span><br \/>\n<span style=\"font-family: verdana, geneva, sans-serif; color: #808080;\">1922 Ak\u015fehirspor\u2019un transfer d\u00f6neminde kadrosuna ba\u015fka isimleri dahil edip etmeyece\u011fi ise \u00f6n\u00fcm\u00fczdeki g\u00fcnlerde netlik kazanacak.<\/span><\/p>\n<\/div>\n<\/div>\n<\/div>\n<\/div>\n<\/div>\n<\/div>\n<div class=\"row\">\n<div class=\"col-lg-8 col-md-8 col-sm-12 col-xs-12\">\n<div class=\"mb10\">\n<div class=\"desktop-social mb10\">\n<div class=\"SocialTools\">\n<p><span style=\"color: #333333;\"><span style=\"color: #ffffff;\"><span style=\"color: #333333;\"><span style=\"color: #ffffff;\"><span style=\"font-family: verdana, geneva, sans-serif;\"><span style=\"color: #808080;\">https:\/\/www.aksehirpostasi.com\/\u00a0 <\/span><span style=\"color: #ffffff;\">\u00a0 <a style=\"color: #ffffff;\" href=\"https:\/\/www.istasyonhaber.net\/\">https:\/\/www.istasyonhaber.net\/<\/a><\/span><\/span><\/span><\/span><\/span><\/span><\/p>\n<\/div>\n<\/div>\n<\/div>\n<\/div>\n<\/div>\n<\/div>\n<\/div>\n<div class=\"mb10 news-title\">\n<div class=\"text_post_block paddingt\">\n<div class=\"row\">\n<div class=\"col-lg-8 col-md-8 col-sm-12 col-xs-12\">\n<div class=\"mb10\">\n<div class=\"desktop-social mb10\">\n<div class=\"SocialTools\">\n<p><span style=\"font-family: verdana, geneva, sans-serif; color: #808080;\">\u00a0 \u00a0 \u00a0\u00a0<\/span><\/p>\n<\/div>\n<\/div>\n<\/div>\n<\/div>\n<\/div>\n<\/div>\n<\/div>\n<\/div>\n<\/div>\n<\/div>\n<\/div>\n<\/div>\n<\/div>\n<\/div>\n<\/div>\n<\/div>\n<\/div>\n<\/div>\n<\/div>\n<\/div>\n<\/div>\n<\/div>\n<\/div>\n<\/div>\n<\/div>\n<\/div>\n<\/div>\n<\/div>\n<\/div>\n<\/div>\n<\/div>\n<\/div>\n<\/div>\n<\/div>\n<\/div>\n<\/div>\n<\/div>\n<\/div>\n<\/div>\n<\/div>\n<\/div>\n<div class=\"container news-detail selectionShareable\" data-page-url=\"https:\/\/www.aksehirpostasi.com\/tarihi-aksehir-in-il-olmasi-zorunlu-hale-geldi\/33859\/\">\n<div class=\"mb10 news-title\">\n<div class=\"detay\">\n<p>&nbsp;<\/p>\n<\/div>\n<\/div>\n<\/div>\n","protected":false},"excerpt":{"rendered":"<p>K\u0131rm\u0131z\u0131-beyazl\u0131 ekip, yeni sezon haz\u0131rl\u0131klar\u0131 kapsam\u0131nda savunma ve kaleci b\u00f6lgesine iki \u00f6nemli takviye yapt\u0131 Yeni sezon \u00f6ncesinde kadro yap\u0131lanmas\u0131n\u0131 s\u00fcrd\u00fcren<\/p>\n","protected":false},"author":1,"featured_media":9043,"comment_status":"closed","ping_status":"closed","sticky":false,"template":"","format":"quote","meta":{"footnotes":""},"categories":[4],"tags":[],"class_list":["post-940","post","type-post","status-publish","format-quote","has-post-thumbnail","hentry","category-haber","post_format-post-format-quote"],"yoast_head":"<!-- This site is optimized with the Yoast SEO plugin v28.4 - https:\/\/yoast.com\/product\/yoast-seo-wordpress\/ -->\n<title>1922 AK\u015eEH\u0130RSPOR\u2019DAN \u00c7\u0130FTE TRANSFER HAMLES\u0130 - Ak\u015fehir.web.tr<\/title>\n<meta name=\"robots\" content=\"index, follow, max-snippet:-1, max-image-preview:large, max-video-preview:-1\" \/>\n<link rel=\"canonical\" href=\"https:\/\/aksehir.web.tr\/?p=940\" \/>\n<meta property=\"og:locale\" content=\"tr_TR\" \/>\n<meta property=\"og:type\" content=\"article\" \/>\n<meta property=\"og:title\" content=\"1922 AK\u015eEH\u0130RSPOR\u2019DAN \u00c7\u0130FTE TRANSFER HAMLES\u0130 - Ak\u015fehir.web.tr\" \/>\n<meta property=\"og:description\" content=\"K\u0131rm\u0131z\u0131-beyazl\u0131 ekip, yeni sezon haz\u0131rl\u0131klar\u0131 kapsam\u0131nda savunma ve kaleci b\u00f6lgesine iki \u00f6nemli takviye yapt\u0131 Yeni sezon \u00f6ncesinde kadro yap\u0131lanmas\u0131n\u0131 s\u00fcrd\u00fcren\" \/>\n<meta property=\"og:url\" content=\"https:\/\/aksehir.web.tr\/?p=940\" \/>\n<meta property=\"og:site_name\" content=\"Ak\u015fehir.web.tr\" \/>\n<meta property=\"article:published_time\" content=\"2020-12-18T12:08:42+00:00\" \/>\n<meta property=\"article:modified_time\" content=\"2026-08-19T14:48:37+00:00\" \/>\n<meta property=\"og:image\" content=\"https:\/\/aksehir.web.tr\/wp-content\/uploads\/2026\/08\/Basliksiz-2.jpg\" \/>\n\t<meta property=\"og:image:width\" content=\"390\" \/>\n\t<meta property=\"og:image:height\" content=\"247\" \/>\n\t<meta property=\"og:image:type\" content=\"image\/jpeg\" \/>\n<meta name=\"author\" content=\"admin\" \/>\n<meta name=\"twitter:card\" content=\"summary_large_image\" \/>\n<meta name=\"twitter:label1\" content=\"Yazan:\" \/>\n\t<meta name=\"twitter:data1\" content=\"\" \/>\n\t<meta name=\"twitter:label2\" content=\"Tahmini okuma s\u00fcresi\" \/>\n\t<meta name=\"twitter:data2\" content=\"3 dakika\" \/>\n<script type=\"application\/ld+json\" class=\"yoast-schema-graph\">{\"@context\":\"https:\\\/\\\/schema.org\",\"@graph\":[{\"@type\":\"Article\",\"@id\":\"https:\\\/\\\/aksehir.web.tr\\\/?p=940#article\",\"isPartOf\":{\"@id\":\"https:\\\/\\\/aksehir.web.tr\\\/?p=940\"},\"author\":{\"name\":\"admin\",\"@id\":\"https:\\\/\\\/aksehir.web.tr\\\/#\\\/schema\\\/person\\\/6ab2d6737a97da61e188d3f186a6ffca\"},\"headline\":\"1922 AK\u015eEH\u0130RSPOR\u2019DAN \u00c7\u0130FTE TRANSFER HAMLES\u0130\",\"datePublished\":\"2020-12-18T12:08:42+00:00\",\"dateModified\":\"2026-08-19T14:48:37+00:00\",\"mainEntityOfPage\":{\"@id\":\"https:\\\/\\\/aksehir.web.tr\\\/?p=940\"},\"wordCount\":462,\"publisher\":{\"@id\":\"https:\\\/\\\/aksehir.web.tr\\\/#\\\/schema\\\/person\\\/6ab2d6737a97da61e188d3f186a6ffca\"},\"image\":{\"@id\":\"https:\\\/\\\/aksehir.web.tr\\\/?p=940#primaryimage\"},\"thumbnailUrl\":\"https:\\\/\\\/aksehir.web.tr\\\/wp-content\\\/uploads\\\/2026\\\/08\\\/Basliksiz-2.jpg\",\"articleSection\":[\"Haber\"],\"inLanguage\":\"tr\"},{\"@type\":\"WebPage\",\"@id\":\"https:\\\/\\\/aksehir.web.tr\\\/?p=940\",\"url\":\"https:\\\/\\\/aksehir.web.tr\\\/?p=940\",\"name\":\"1922 AK\u015eEH\u0130RSPOR\u2019DAN \u00c7\u0130FTE TRANSFER HAMLES\u0130 - Ak\u015fehir.web.tr\",\"isPartOf\":{\"@id\":\"https:\\\/\\\/aksehir.web.tr\\\/#website\"},\"primaryImageOfPage\":{\"@id\":\"https:\\\/\\\/aksehir.web.tr\\\/?p=940#primaryimage\"},\"image\":{\"@id\":\"https:\\\/\\\/aksehir.web.tr\\\/?p=940#primaryimage\"},\"thumbnailUrl\":\"https:\\\/\\\/aksehir.web.tr\\\/wp-content\\\/uploads\\\/2026\\\/08\\\/Basliksiz-2.jpg\",\"datePublished\":\"2020-12-18T12:08:42+00:00\",\"dateModified\":\"2026-08-19T14:48:37+00:00\",\"breadcrumb\":{\"@id\":\"https:\\\/\\\/aksehir.web.tr\\\/?p=940#breadcrumb\"},\"inLanguage\":\"tr\",\"potentialAction\":[{\"@type\":\"ReadAction\",\"target\":[\"https:\\\/\\\/aksehir.web.tr\\\/?p=940\"]}]},{\"@type\":\"ImageObject\",\"inLanguage\":\"tr\",\"@id\":\"https:\\\/\\\/aksehir.web.tr\\\/?p=940#primaryimage\",\"url\":\"https:\\\/\\\/aksehir.web.tr\\\/wp-content\\\/uploads\\\/2026\\\/08\\\/Basliksiz-2.jpg\",\"contentUrl\":\"https:\\\/\\\/aksehir.web.tr\\\/wp-content\\\/uploads\\\/2026\\\/08\\\/Basliksiz-2.jpg\",\"width\":390,\"height\":247},{\"@type\":\"BreadcrumbList\",\"@id\":\"https:\\\/\\\/aksehir.web.tr\\\/?p=940#breadcrumb\",\"itemListElement\":[{\"@type\":\"ListItem\",\"position\":1,\"name\":\"Ana sayfa\",\"item\":\"https:\\\/\\\/aksehir.web.tr\\\/\"},{\"@type\":\"ListItem\",\"position\":2,\"name\":\"1922 AK\u015eEH\u0130RSPOR\u2019DAN \u00c7\u0130FTE TRANSFER HAMLES\u0130\"}]},{\"@type\":\"WebSite\",\"@id\":\"https:\\\/\\\/aksehir.web.tr\\\/#website\",\"url\":\"https:\\\/\\\/aksehir.web.tr\\\/\",\"name\":\"Ak\u015fehir\",\"description\":\"D\u00fcnyan\u0131n Ortas\u0131na Ho\u015fgeldiniz\",\"publisher\":{\"@id\":\"https:\\\/\\\/aksehir.web.tr\\\/#\\\/schema\\\/person\\\/6ab2d6737a97da61e188d3f186a6ffca\"},\"potentialAction\":[{\"@type\":\"SearchAction\",\"target\":{\"@type\":\"EntryPoint\",\"urlTemplate\":\"https:\\\/\\\/aksehir.web.tr\\\/?s={search_term_string}\"},\"query-input\":{\"@type\":\"PropertyValueSpecification\",\"valueRequired\":true,\"valueName\":\"search_term_string\"}}],\"inLanguage\":\"tr\"},{\"@type\":[\"Person\",\"Organization\"],\"@id\":\"https:\\\/\\\/aksehir.web.tr\\\/#\\\/schema\\\/person\\\/6ab2d6737a97da61e188d3f186a6ffca\",\"name\":\"admin\",\"image\":{\"@type\":\"ImageObject\",\"inLanguage\":\"tr\",\"@id\":\"https:\\\/\\\/aksehir.web.tr\\\/wp-content\\\/uploads\\\/2020\\\/12\\\/cropped-cropped-bbbaslik.png\",\"url\":\"https:\\\/\\\/aksehir.web.tr\\\/wp-content\\\/uploads\\\/2020\\\/12\\\/cropped-cropped-bbbaslik.png\",\"contentUrl\":\"https:\\\/\\\/aksehir.web.tr\\\/wp-content\\\/uploads\\\/2020\\\/12\\\/cropped-cropped-bbbaslik.png\",\"width\":960,\"height\":80,\"caption\":\"admin\"},\"logo\":{\"@id\":\"https:\\\/\\\/aksehir.web.tr\\\/wp-content\\\/uploads\\\/2020\\\/12\\\/cropped-cropped-bbbaslik.png\"}}]}<\/script>\n<!-- \/ Yoast SEO plugin. -->","yoast_head_json":{"title":"1922 AK\u015eEH\u0130RSPOR\u2019DAN \u00c7\u0130FTE TRANSFER HAMLES\u0130 - Ak\u015fehir.web.tr","robots":{"index":"index","follow":"follow","max-snippet":"max-snippet:-1","max-image-preview":"max-image-preview:large","max-video-preview":"max-video-preview:-1"},"canonical":"https:\/\/aksehir.web.tr\/?p=940","og_locale":"tr_TR","og_type":"article","og_title":"1922 AK\u015eEH\u0130RSPOR\u2019DAN \u00c7\u0130FTE TRANSFER HAMLES\u0130 - Ak\u015fehir.web.tr","og_description":"K\u0131rm\u0131z\u0131-beyazl\u0131 ekip, yeni sezon haz\u0131rl\u0131klar\u0131 kapsam\u0131nda savunma ve kaleci b\u00f6lgesine iki \u00f6nemli takviye yapt\u0131 Yeni sezon \u00f6ncesinde kadro yap\u0131lanmas\u0131n\u0131 s\u00fcrd\u00fcren","og_url":"https:\/\/aksehir.web.tr\/?p=940","og_site_name":"Ak\u015fehir.web.tr","article_published_time":"2020-12-18T12:08:42+00:00","article_modified_time":"2026-08-19T14:48:37+00:00","og_image":[{"width":390,"height":247,"url":"https:\/\/aksehir.web.tr\/wp-content\/uploads\/2026\/08\/Basliksiz-2.jpg","type":"image\/jpeg"}],"author":"admin","twitter_card":"summary_large_image","twitter_misc":{"Yazan:":false,"Tahmini okuma s\u00fcresi":"3 dakika"},"schema":{"@context":"https:\/\/schema.org","@graph":[{"@type":"Article","@id":"https:\/\/aksehir.web.tr\/?p=940#article","isPartOf":{"@id":"https:\/\/aksehir.web.tr\/?p=940"},"author":{"name":"admin","@id":"https:\/\/aksehir.web.tr\/#\/schema\/person\/6ab2d6737a97da61e188d3f186a6ffca"},"headline":"1922 AK\u015eEH\u0130RSPOR\u2019DAN \u00c7\u0130FTE TRANSFER HAMLES\u0130","datePublished":"2020-12-18T12:08:42+00:00","dateModified":"2026-08-19T14:48:37+00:00","mainEntityOfPage":{"@id":"https:\/\/aksehir.web.tr\/?p=940"},"wordCount":462,"publisher":{"@id":"https:\/\/aksehir.web.tr\/#\/schema\/person\/6ab2d6737a97da61e188d3f186a6ffca"},"image":{"@id":"https:\/\/aksehir.web.tr\/?p=940#primaryimage"},"thumbnailUrl":"https:\/\/aksehir.web.tr\/wp-content\/uploads\/2026\/08\/Basliksiz-2.jpg","articleSection":["Haber"],"inLanguage":"tr"},{"@type":"WebPage","@id":"https:\/\/aksehir.web.tr\/?p=940","url":"https:\/\/aksehir.web.tr\/?p=940","name":"1922 AK\u015eEH\u0130RSPOR\u2019DAN \u00c7\u0130FTE TRANSFER HAMLES\u0130 - Ak\u015fehir.web.tr","isPartOf":{"@id":"https:\/\/aksehir.web.tr\/#website"},"primaryImageOfPage":{"@id":"https:\/\/aksehir.web.tr\/?p=940#primaryimage"},"image":{"@id":"https:\/\/aksehir.web.tr\/?p=940#primaryimage"},"thumbnailUrl":"https:\/\/aksehir.web.tr\/wp-content\/uploads\/2026\/08\/Basliksiz-2.jpg","datePublished":"2020-12-18T12:08:42+00:00","dateModified":"2026-08-19T14:48:37+00:00","breadcrumb":{"@id":"https:\/\/aksehir.web.tr\/?p=940#breadcrumb"},"inLanguage":"tr","potentialAction":[{"@type":"ReadAction","target":["https:\/\/aksehir.web.tr\/?p=940"]}]},{"@type":"ImageObject","inLanguage":"tr","@id":"https:\/\/aksehir.web.tr\/?p=940#primaryimage","url":"https:\/\/aksehir.web.tr\/wp-content\/uploads\/2026\/08\/Basliksiz-2.jpg","contentUrl":"https:\/\/aksehir.web.tr\/wp-content\/uploads\/2026\/08\/Basliksiz-2.jpg","width":390,"height":247},{"@type":"BreadcrumbList","@id":"https:\/\/aksehir.web.tr\/?p=940#breadcrumb","itemListElement":[{"@type":"ListItem","position":1,"name":"Ana sayfa","item":"https:\/\/aksehir.web.tr\/"},{"@type":"ListItem","position":2,"name":"1922 AK\u015eEH\u0130RSPOR\u2019DAN \u00c7\u0130FTE TRANSFER HAMLES\u0130"}]},{"@type":"WebSite","@id":"https:\/\/aksehir.web.tr\/#website","url":"https:\/\/aksehir.web.tr\/","name":"Ak\u015fehir","description":"D\u00fcnyan\u0131n Ortas\u0131na Ho\u015fgeldiniz","publisher":{"@id":"https:\/\/aksehir.web.tr\/#\/schema\/person\/6ab2d6737a97da61e188d3f186a6ffca"},"potentialAction":[{"@type":"SearchAction","target":{"@type":"EntryPoint","urlTemplate":"https:\/\/aksehir.web.tr\/?s={search_term_string}"},"query-input":{"@type":"PropertyValueSpecification","valueRequired":true,"valueName":"search_term_string"}}],"inLanguage":"tr"},{"@type":["Person","Organization"],"@id":"https:\/\/aksehir.web.tr\/#\/schema\/person\/6ab2d6737a97da61e188d3f186a6ffca","name":"admin","image":{"@type":"ImageObject","inLanguage":"tr","@id":"https:\/\/aksehir.web.tr\/wp-content\/uploads\/2020\/12\/cropped-cropped-bbbaslik.png","url":"https:\/\/aksehir.web.tr\/wp-content\/uploads\/2020\/12\/cropped-cropped-bbbaslik.png","contentUrl":"https:\/\/aksehir.web.tr\/wp-content\/uploads\/2020\/12\/cropped-cropped-bbbaslik.png","width":960,"height":80,"caption":"admin"},"logo":{"@id":"https:\/\/aksehir.web.tr\/wp-content\/uploads\/2020\/12\/cropped-cropped-bbbaslik.png"}}]}},"_links":{"self":[{"href":"https:\/\/aksehir.web.tr\/index.php?rest_route=\/wp\/v2\/posts\/940","targetHints":{"allow":["GET"]}}],"collection":[{"href":"https:\/\/aksehir.web.tr\/index.php?rest_route=\/wp\/v2\/posts"}],"about":[{"href":"https:\/\/aksehir.web.tr\/index.php?rest_route=\/wp\/v2\/types\/post"}],"author":[{"embeddable":true,"href":"https:\/\/aksehir.web.tr\/index.php?rest_route=\/wp\/v2\/users\/1"}],"replies":[{"embeddable":true,"href":"https:\/\/aksehir.web.tr\/index.php?rest_route=%2Fwp%2Fv2%2Fcomments&post=940"}],"version-history":[{"count":827,"href":"https:\/\/aksehir.web.tr\/index.php?rest_route=\/wp\/v2\/posts\/940\/revisions"}],"predecessor-version":[{"id":9045,"href":"https:\/\/aksehir.web.tr\/index.php?rest_route=\/wp\/v2\/posts\/940\/revisions\/9045"}],"wp:featuredmedia":[{"embeddable":true,"href":"https:\/\/aksehir.web.tr\/index.php?rest_route=\/wp\/v2\/media\/9043"}],"wp:attachment":[{"href":"https:\/\/aksehir.web.tr\/index.php?rest_route=%2Fwp%2Fv2%2Fmedia&parent=940"}],"wp:term":[{"taxonomy":"category","embeddable":true,"href":"https:\/\/aksehir.web.tr\/index.php?rest_route=%2Fwp%2Fv2%2Fcategories&post=940"},{"taxonomy":"post_tag","embeddable":true,"href":"https:\/\/aksehir.web.tr\/index.php?rest_route=%2Fwp%2Fv2%2Ftags&post=940"}],"curies":[{"name":"wp","href":"https:\/\/api.w.org\/{rel}","templated":true}]}}